{"pandemia":{"populacao_total":"18686","dose_recebidas":"47830","primeira_dose":"16725","segunda_dose":"15798","dose_unica":"198","dose_reforco":"9703","covid_cidade_confirmado":"2479","covid_cidade_curados":"2400","covid_cidade_negativo":"1253","covid_cidade_obito":"50","covid_estado_confirmado":"345022","covid_estado_curados":"312341","covid_estado_negativo":"319480","covid_estado_obito":"6445","covid_brasil_confirmado":"35105241","covid_brasil_obito":"689342","covid_mundo_confirmado":"640263801","covid_mundo_obito":"627628","quarta_dose":"4004"},"busca":{"antesedepois":{"paginacao":{"atual":1,"proxima":0,"anterior":0,"total_registros":0,"total_paginas":1},"itens":[]},"atos":{"paginacao":{"atual":1,"proxima":0,"anterior":0,"total_registros":0,"total_paginas":1},"itens":[]},"concurso":{"paginacao":{"atual":1,"proxima":0,"anterior":0,"total_registros":0,"total_paginas":1},"itens":[]},"departamento":{"paginacao":{"atual":1,"proxima":0,"anterior":0,"total_registros":0,"total_paginas":1},"itens":[]},"downloads":{"paginacao":{"atual":1,"proxima":2,"anterior":0,"total_registros":84,"total_paginas":21},"itens":[{"id":238,"nome":"Lista de vacinados contra a Covid-19 - Areia Branca","arquivo":"relacao-de-profissionais-e-idosos-vacinados-principal-atualizado-b-f_a1249cf382d5459f787c.pdf","mimetype":"application\/pdf","ext":"pdf","criado":"2021-05-31 15:31:05","alterado":"2021-05-31 15:31:05"},{"id":237,"nome":"Lista de vacinados contra a Covid-19 - Areia Branca at\u00e9 28 de maio","arquivo":"relacao-de-profissionais-e-idosos-vacinados-principal-atualizado-b_c8020ea033d26997f99c648f.pdf","mimetype":"application\/pdf","ext":"pdf","criado":"2021-05-28 18:10:24","alterado":"2021-05-28 18:10:24"},{"id":235,"nome":"Lista de vacinados contra a Covid-19 - Areia Branca (25 de maio)","arquivo":"relacao-de-profissionais-e-idosos-vacinados-principal-atualizado-c_b49697d6b91fd2d8bed526b6f.pdf","link":"\/download\/relacao-de-profissionais-e-idosos-vacinados-principal-atualizado-c_b49697d6b91fd2d8bed526b6f.pdf","mimetype":"application\/pdf","ext":"pdf","criado":"2021-05-25 17:19:13","alterado":"2021-05-25 17:19:13"},{"id":230,"nome":"Plano de vacina\u00e7\u00e3o municipal contra a covid-19","arquivo":"plano-vacinacao_77d571d0c7b23914f690cf47.pdf","link":"\/download\/plano-vacinacao_77d571d0c7b23914f690cf47.pdf","mimetype":"application\/pdf","ext":"pdf","criado":"2021-05-17 20:55:34","alterado":"2021-05-17 20:55:34"}]},"evento":{"paginacao":{"atual":1,"proxima":0,"anterior":0,"total_registros":0,"total_paginas":1},"itens":[]},"folha":{"paginacao":{"atual":1,"proxima":0,"anterior":0,"total_registros":0,"total_paginas":1},"itens":[]},"galeria":{"paginacao":{"atual":1,"proxima":2,"anterior":0,"total_registros":6,"total_paginas":2},"itens":[{"id":59,"titulo":"Vacina\u00e7\u00e3o contra a Covid-19 em Areia Branca","slug":"vacinacao-contra-a-covid-19-em-areia-branca","descricao":"Vacina\u00e7\u00e3o contra a Covid-19 em Areia Branca","tags":"vacina\u00e7\u00e3o,covid,todos contra covid,coronavirus","publicado":"2021-01-20 00:00:00","criado":"2021-01-20 11:22:32","alterado":"2021-01-20 11:22:32","foto":{"id":3109,"galeria_id":59,"foto":"7c12804c-ef01-4825-bdcd-1a1814df59db_c4effadf49a77f30d40b.jpg","foto_link":"\/img\/galeria\/59\/7c12804c-ef01-4825-bdcd-1a1814df59db_c4effadf49a77f30d40b.jpg,\/img\/galeria\/59\/7c12804c-ef01-4825-bdcd-1a1814df59db_c4effadf49a77f30d40b.jpg,\/img\/galeria\/59\/7c12804c-ef01-4825-bdcd-1a1814df59db_c4effadf49a77f30d40b.jpg,\/img\/galeria\/59\/7c12804c-ef01-4825-bdcd-1a1814df59db_c4effadf49a77f30d40b.jpg","criado":"2021-01-27 12:18:59"}},{"id":58,"titulo":"Desinfec\u00e7\u00e3o de pontos estrat\u00e9gicos do munic\u00edpio para conter o avan\u00e7o da Covid-19.","slug":"desinfeccao-de-pontos-estrategicos-do-municipio-para-conter-o-avanco-da-covid-19","descricao":"Desinfec\u00e7\u00e3o de pontos estrat\u00e9gicos do munic\u00edpio para conter o avan\u00e7o da Covid-19.","tags":"covid,coronavirus","publicado":"2021-01-20 00:00:00","criado":"2021-01-20 10:08:34","alterado":"2021-01-20 10:08:34","foto":{"id":3101,"galeria_id":58,"foto":"3a43ff06-a898-4dc0-a3f3-f6bb02027e4c_0a288add5fee66b7af29.jpg","foto_link":"\/img\/galeria\/58\/3a43ff06-a898-4dc0-a3f3-f6bb02027e4c_0a288add5fee66b7af29.jpg,\/img\/galeria\/58\/3a43ff06-a898-4dc0-a3f3-f6bb02027e4c_0a288add5fee66b7af29.jpg,\/img\/galeria\/58\/3a43ff06-a898-4dc0-a3f3-f6bb02027e4c_0a288add5fee66b7af29.jpg,\/img\/galeria\/58\/3a43ff06-a898-4dc0-a3f3-f6bb02027e4c_0a288add5fee66b7af29.jpg","criado":"2021-01-20 10:12:33"}},{"id":57,"titulo":"COVID-19: Entrega kits de g\u00eaneros aliment\u00edcios da merenda","slug":"covid-19-entrega-kits-de-generos-alimenticios-da-merenda","descricao":"Na manh\u00e3 desta quinta-feira, 04, a Prefeitura de Areia Branca, por meio da Secretaria de Educa\u00e7\u00e3o, realizou a entrega segunda remessa de kits de g\u00eanero aliment\u00edcios da merenda durante a pandemia do novo coronav\u00edrus (Covid-19). (18 de dezembro)","tags":"pandemia ,covid","criado":"2020-06-05 10:06:04","alterado":"2021-07-02 08:43:38","foto":{"id":3087,"galeria_id":57,"foto":"07df8992-4c29-463c-89dd-e59568102585_0954549fc0daadd5cfd3da0de6.jpg","foto_link":"\/img\/galeria\/57\/07df8992-4c29-463c-89dd-e59568102585_0954549fc0daadd5cfd3da0de6.jpg,\/img\/galeria\/57\/07df8992-4c29-463c-89dd-e59568102585_0954549fc0daadd5cfd3da0de6.jpg,\/img\/galeria\/57\/07df8992-4c29-463c-89dd-e59568102585_0954549fc0daadd5cfd3da0de6.jpg,\/img\/galeria\/57\/07df8992-4c29-463c-89dd-e59568102585_0954549fc0daadd5cfd3da0de6.jpg","criado":"2020-06-05 10:08:15"}},{"id":56,"titulo":"COVID-19: Prefeitura distribui m\u00e1scaras em povoados da cidade","slug":"covid-19-prefeitura-distribui-mascaras-em-povoados-da-cidade","descricao":"A\u00e7\u00e3o ocorreu nesta ter\u00e7a-feira, 05, nos povoados Rio das Pedras, Junco e Serra Comprida","tags":"AREIABRANCA,COVID19","criado":"2020-05-05 11:19:45","alterado":"2020-05-05 11:19:45","foto":{"id":3070,"galeria_id":56,"foto":"84e46098-c9cc-447d-a4dc-b646074024c1_610f9244a7f9a722d2c78c.jpg","foto_link":"\/img\/galeria\/56\/84e46098-c9cc-447d-a4dc-b646074024c1_610f9244a7f9a722d2c78c.jpg,\/img\/galeria\/56\/84e46098-c9cc-447d-a4dc-b646074024c1_610f9244a7f9a722d2c78c.jpg,\/img\/galeria\/56\/84e46098-c9cc-447d-a4dc-b646074024c1_610f9244a7f9a722d2c78c.jpg,\/img\/galeria\/56\/84e46098-c9cc-447d-a4dc-b646074024c1_610f9244a7f9a722d2c78c.jpg","criado":"2020-05-05 11:20:28"}}]},"link":{"paginacao":{"atual":1,"proxima":0,"anterior":0,"total_registros":0,"total_paginas":1},"itens":[]},"lei":{"paginacao":{"atual":1,"proxima":0,"anterior":0,"total_registros":0,"total_paginas":1},"itens":[]},"licitacao":{"paginacao":{"atual":1,"proxima":2,"anterior":0,"total_registros":12,"total_paginas":3},"itens":[{"id":500,"titulo":"Dispensa n\u00b0 23\/2020 - Fundo Municipal de Sa\u00fade","numero":"23\/2020","publicacao":"2020-10-16","valor":91161,"objeto":"Aquisi\u00e7\u00e3o de materiais m\u00e9dico-hospitalares para uso em a\u00e7\u00f5es de preven\u00e7\u00e3o e combate ao COVID 19, para atender \u00e0s necessidades da Secretaria Municipal de Sa\u00fade.","orgao_id":1,"categoria_id":4,"slug":"dispensa-n0-23-2020-fundo-municipal-de-saude","criado":"2020-10-16 10:40:55","alterado":"2020-10-16 10:40:55"},{"id":482,"titulo":"Dispensa n\u00b0 22\/2020 - Fundo Municipal de Sa\u00fade","numero":"22\/2020","publicacao":"2020-09-08","valor":96535,"objeto":"Aquisi\u00e7\u00e3o de materiais m\u00e9dico-hospitalares para uso em a\u00e7\u00f5es de preven\u00e7\u00e3o e combate ao COVID 19, para atender \u00e0s necessidades da Secretaria Municipal de Sa\u00fade.","orgao_id":1,"categoria_id":4,"slug":"dispensa-n0-22-2020-fundo-municipal-de-saude","criado":"2020-09-08 15:54:54","alterado":"2020-09-29 12:26:39"},{"id":481,"titulo":"Dispensa n\u00b0 21\/2020 - Fundo Municipal de Sa\u00fade","numero":"21\/2020","publicacao":"2020-09-04","valor":14940,"objeto":"Aquisi\u00e7\u00e3o de tendas piramidais para atendimento das demandas em a\u00e7\u00f5es externas e ao ar livre, na preven\u00e7\u00e3o e combate ao COVID 19, para atender \u00e0s necessidades da Secretaria Municipal de Sa\u00fade.","orgao_id":1,"categoria_id":4,"slug":"dispensa-n0-21-2020-fundo-municipal-de-saude","criado":"2020-09-04 12:52:42","alterado":"2020-09-04 12:52:42"},{"id":479,"titulo":"Dispensa n\u00b0 20\/2020 - Fundo Municipal de Sa\u00fade","numero":"20\/2020","publicacao":"2020-08-25","valor":8700,"objeto":"Contrata\u00e7\u00e3o de empresa para prestar os servi\u00e7os de loca\u00e7\u00e3o de caminh\u00e3o pipa para atender \u00e0s necessidades da Secretaria Municipal de Sa\u00fade, em a\u00e7\u00e3o de combate ao Covid 19.","orgao_id":1,"categoria_id":4,"slug":"dispensa-n0-20-2020-fundo-municipal-de-saude","criado":"2020-08-25 10:53:38","alterado":"2020-08-25 10:53:39"}]},"noticia":{"paginacao":{"atual":1,"proxima":2,"anterior":0,"total_registros":217,"total_paginas":55},"itens":[{"id":633,"autor_id":"5","autor":{"id":5,"nome":"Chardson Machado","email":"chardson@itnet.com.br"},"titulo":"Areia Branca participa do 37\u00ba Congresso de Secret\u00e1rios Municipais de Sa\u00fade","slug":"areia-branca-participa-do-37o-congresso-de-secretarios-municipais-de-saude","imagem":"\/img\/imagem\/whatsapp-image-2023-07-25-at-11-23-04_7af84dea3fc270a377f884f75febec.jpeg,\/img\/imagem\/media_whatsapp-image-2023-07-25-at-11-23-04_7af84dea3fc270a377f884f75febec.jpeg,\/img\/imagem\/thumb_whatsapp-image-2023-07-25-at-11-23-04_7af84dea3fc270a377f884f75febec.jpeg,\/img\/imagem\/thumb_fix_whatsapp-image-2023-07-25-at-11-23-04_7af84dea3fc270a377f884f75febec.jpeg","texto":"\u003Cp\u003ETeve in\u0026iacute;cio no \u0026uacute;ltimo domingo (16) e encerrar\u0026aacute; nesta quarta-feira (19) o 37\u0026ordm; Congresso Nacional de Secret\u0026aacute;rios Municipais de Sa\u0026uacute;de (Conasems), na cidade de Goi\u0026acirc;nia (GO).\u003C\/p\u003E\r\n\u003Cp\u003E\u003Cimg style=\u0022display: block; margin-left: auto; margin-right: auto;\u0022 src=\u0022https:\/\/areiabranca.se.gov.br\/img\/imagem\/media_whatsapp-image-2023-07-25-at-11-23-04_7af84dea3fc270a377f884f75febec.jpeg\u0022 alt=\u0022whatsapp-image-2023-07-25-at-11-23-04_7af84dea3fc270a377f884f75febec.jpeg\u0022 width=\u0022600\u0022 height=\u0022450\u0022 \/\u003E\u003C\/p\u003E\r\n\u003Cp\u003EDurante o evento foram realizados grandes mesas sobre temas importantes para a gest\u0026atilde;o municipal do SUS: Fortalecimento da Aten\u0026ccedil;\u0026atilde;o B\u0026aacute;sica; O SUS e a pandemia da Covid-19; Financiamento e Gest\u0026atilde;o, al\u0026eacute;m de emendas Parlamentares.\u003C\/p\u003E\r\n\u003Cp\u003E\u003Cimg style=\u0022display: block; margin-left: auto; margin-right: auto;\u0022 src=\u0022https:\/\/areiabranca.se.gov.br\/img\/imagem\/media_whatsapp-image-2023-07-25-at-11-23-48_2adb05e8513e44e638f411c.jpeg\u0022 alt=\u0022whatsapp-image-2023-07-25-at-11-23-48_2adb05e8513e44e638f411c.jpeg\u0022 width=\u0022600\u0022 height=\u0022480\u0022 \/\u003E\u003C\/p\u003E\r\n\u003Cp\u003EO munic\u0026iacute;pio de Areia Branca est\u0026aacute; sendo representado pela secret\u0026aacute;ria de Sa\u0026uacute;de, Clarice, que tem visitado os estandes e acompanhado palestras para trazer novidades e aperfei\u0026ccedil;oamento para a Sa\u0026uacute;de Municipal.\u003C\/p\u003E","publicacao":"2023-07-25 11:27:31","criado":"2023-07-25 11:27:31","alterado":"2023-07-25 11:27:31"},{"id":628,"autor_id":"5","autor":{"id":5,"nome":"Chardson Machado","email":"chardson@itnet.com.br"},"titulo":"Prefeitura realiza audi\u00eancia p\u00fablica, presencial, sobre a Lei Paulo Gustavo","slug":"prefeitura-realiza-audiencia-publica-presencial-sobre-a-lei-paulo-gustavo","imagem":"\/img\/imagem\/feed-21_cfcbf4d6e8090ef8945e2120.jpg,\/img\/imagem\/media_feed-21_cfcbf4d6e8090ef8945e2120.jpg,\/img\/imagem\/thumb_feed-21_cfcbf4d6e8090ef8945e2120.jpg,\/img\/imagem\/thumb_fix_feed-21_cfcbf4d6e8090ef8945e2120.jpg","texto":"\u003Cp\u003EA Prefeitura de Areia Branca, atrav\u0026eacute;s da Secretaria de Cultura, Turismo, Esporte e Lazer, realiza audi\u0026ecirc;ncia p\u0026uacute;blica, presencial, sobre a Lei Paulo Gustavo, que ir\u0026aacute; beneficiar diversos profissionais da cultura de Areia Branca.\u003C\/p\u003E\r\n\u003Cp\u003EA audi\u0026ecirc;ncia acontece no dia 13 de junho, \u0026agrave;s 09h, no Centro de Conviv\u0026ecirc;ncia Luiz Gonzaga da Silva Teles. A Lei Paulo Gustavo tem o prop\u0026oacute;sito de fomentar e valorizar os artistas de todo o Brasil atrav\u0026eacute;s de repasse financeiro aos munic\u0026iacute;pios, estados e Distrito Federal. A Lei foi pensada para apoiar o setor e socorrer os trabalhadores da cultura que foram atingidos pela pandemia de Covid-19.\u003C\/p\u003E\r\n\u003Cp\u003EA audi\u0026ecirc;ncia ser\u0026aacute; uma oportunidade para debater os desafios enfrentados pelos artistas locais, identificar as demandas do setor cultural e buscar solu\u0026ccedil;\u0026otilde;es conjuntas para promover o desenvolvimento art\u0026iacute;stico na Regi\u0026atilde;o.\u003C\/p\u003E\r\n\u003Cp\u003EAten\u0026ccedil;\u0026atilde;o! \u0026Eacute; de extrema import\u0026acirc;ncia a presen\u0026ccedil;a de \u0026nbsp;artistas; produtores culturais, grupos, entidades e associa\u0026ccedil;\u0026otilde;es art\u0026iacute;sticas e culturais; artes\u0026atilde;os; mestres de saber; professores de oficinas art\u0026iacute;sticas; escultores; poetas; m\u0026uacute;sicos; bailarinos; atores; escritores; artistas de rua; compositores; figurinistas; humoristas; contadores de hist\u0026oacute;rias; fot\u0026oacute;grafos; trabalhadores da cadeia produtiva do audiovisual; artistas pl\u0026aacute;sticos; cultura afro e ind\u0026iacute;gena; CTG\u0027s e grupos folcl\u0026oacute;ricos, entre outros para tirarem as d\u0026uacute;vidas a respeito da lei.\u003C\/p\u003E","publicacao":"2023-07-10 12:01:00","criado":"2023-07-10 12:01:37","alterado":"2023-07-10 19:29:19"},{"id":579,"autor_id":"5","autor":{"id":5,"nome":"Chardson Machado","email":"chardson@itnet.com.br"},"titulo":"Confirmado: Festa de Reis do povoado Pedrinhas acontecer\u00e1 no dia 04 de fevereiro","slug":"confirmado-festa-de-reis-do-povoado-pedrinhas-acontecera-no-dia-04-de-fevereiro","imagem":"\/img\/imagem\/feed-12_f23c16acc4ba3f23a4ea0.jpg,\/img\/imagem\/media_feed-12_f23c16acc4ba3f23a4ea0.jpg,\/img\/imagem\/thumb_feed-12_f23c16acc4ba3f23a4ea0.jpg,\/img\/imagem\/thumb_fix_feed-12_f23c16acc4ba3f23a4ea0.jpg","texto":"\u003Cp\u003EA prefeitura de Areia Branca, por meio da Secret\u0026aacute;ria Municipal de Cultura, Esporte, Lazer e Turismo, definiu a data para a realiza\u0026ccedil;\u0026atilde;o da tradicional festa de Santos Reis do povoado Pedrinhas.\u003C\/p\u003E\r\n\u003Cp\u003EA festa acontecer\u0026aacute; no dia 04 de fevereiro do corrente ano e de acordo com o prefeito, Alan de Agripino, as atra\u0026ccedil;\u0026otilde;es desse grande evento ser\u0026atilde;o divulgadas no decorrer desta semana.\u003C\/p\u003E\r\n\u003Cp\u003EO evento retorna depois de anos ausente devido a pandemia ocasionada pela Covid-19.\u003C\/p\u003E","publicacao":"2023-01-25 09:01:17","criado":"2023-01-25 09:01:17","alterado":"2023-01-25 09:01:17"},{"id":569,"autor_id":"5","autor":{"id":5,"nome":"Chardson Machado","email":"chardson@itnet.com.br"},"titulo":"Nesta sexta-feira tem vacina\u00e7\u00e3o contra a covid-19 para crian\u00e7as de 6 a 8 meses de nascido","slug":"nesta-sexta-feira-tem-vacinacao-contra-a-covid-19-para-criancas-de-6-a-8-meses-de-nascido","imagem":"\/img\/imagem\/whatsapp-image-2022-11-24-at-11-33-08_c2bfe774ffdf6fa01809db76.jpeg,\/img\/imagem\/media_whatsapp-image-2022-11-24-at-11-33-08_c2bfe774ffdf6fa01809db76.jpeg,\/img\/imagem\/thumb_whatsapp-image-2022-11-24-at-11-33-08_c2bfe774ffdf6fa01809db76.jpeg,\/img\/imagem\/thumb_fix_whatsapp-image-2022-11-24-at-11-33-08_c2bfe774ffdf6fa01809db76.jpeg","texto":"\u003Cp\u003ENesta sexta-feira, 25, a prefeitura de Areia Branca, atrav\u0026eacute;s da secretaria Municipal de Sa\u0026uacute;de, iniciar\u0026aacute; a vacina\u0026ccedil;\u0026atilde;o contra Covid-19 de crian\u0026ccedil;as entre 06 e 8 meses de idade.\u003C\/p\u003E\r\n\u003Cp\u003EData: 25 sexta-feira\u003Cbr \/\u003ELocal: Cl\u0026iacute;nica da sa\u0026uacute;de Dr. Christianno Oliveira\u003Cbr \/\u003EHor\u0026aacute;rio: 08h at\u0026eacute; acabar o estoque\u003C\/p\u003E\r\n\u003Cp\u003EDocumenta\u0026ccedil;\u0026atilde;o: cart\u0026atilde;o do SUS, caderneta de vacina\u0026ccedil;\u0026atilde;o e certid\u0026atilde;o de nascimento\u003C\/p\u003E","publicacao":"2022-11-25 08:36:23","criado":"2022-11-25 08:36:23","alterado":"2022-11-25 08:36:23"}]},"pergunta":{"paginacao":{"atual":1,"proxima":0,"anterior":0,"total_registros":0,"total_paginas":1},"itens":[]},"relatorio":{"paginacao":{"atual":1,"proxima":0,"anterior":0,"total_registros":0,"total_paginas":1},"itens":[]},"video":{"paginacao":{"atual":1,"proxima":0,"anterior":0,"total_registros":0,"total_paginas":1},"itens":[]},"texto":{"paginacao":{"atual":1,"proxima":0,"anterior":0,"total_registros":0,"total_paginas":1},"itens":[]},"turismo":{"paginacao":{"atual":1,"proxima":0,"anterior":0,"total_registros":0,"total_paginas":1},"itens":[]},"informacao":{"paginacao":{"atual":1,"proxima":0,"anterior":0,"total_registros":1,"total_paginas":1},"itens":[{"id":50,"titulo":"A\u00e7\u00f5es contra o COVID-19","slug":"acoes-contra-o-covid-19","icone":"fas fa-clinic-medical","url":"https:\/\/areiabranca.se.gov.br\/pandemia\/","criado":"2021-06-07 11:08:28","alterado":"2021-06-07 11:08:28"}]}},"categoria":"licitacao","limite":4,"key":"covid","local":null}