{"key":"covid","local":"licitacao","limite":16,"itens":{"licitacao":{"itens":[{"id":478,"titulo":"Dispensa n\u00b0 19\/2020 - Fundo Municipal de Sa\u00fade","numero":"19\/2020","publicacao":"2020-08-19","valor":56520,"objeto":"Aquisi\u00e7\u00e3o de equipamentos m\u00e9dico-hospitalares para uso em a\u00e7\u00f5es de preven\u00e7\u00e3o e combate ao COVID-19, para atender \u00e0s necessidades da Secretaria Municipal de Sa\u00fade.","orgao_id":1,"categoria_id":4,"slug":"dispensa-n0-19-2020-fundo-municipal-de-saude","criado":"2020-08-19 12:09:35","alterado":"2020-08-25 10:51:59"},{"id":475,"titulo":"Dispensa n\u00b0 06\/2020 - Fundo Municipal de Assist\u00eancia Social","numero":"06\/2020","publicacao":"2020-08-07","abertura":"2020-06-04","valor":29875,"objeto":"Aquisi\u00e7\u00e3o de g\u00eaneros aliment\u00edcios para compor cestas b\u00e1sicas, que ser\u00e3o distribu\u00eddas \u00e0s fam\u00edlias em estado de vulnerabilidade social, vitimadas pelas consequ\u00eancias das necess\u00e1rias a\u00e7\u00f5es de combate ao COVID 19.","orgao_id":2,"categoria_id":4,"slug":"dispensa-n0-06-2020-fundo-municipal-de-assistencia-social","criado":"2020-08-07 10:11:25","alterado":"2020-08-07 10:11:25"},{"id":470,"titulo":"Dispensa n\u00b0 18\/2020 - Fundo Municipal de Sa\u00fade","numero":"18\/2020","publicacao":"2020-07-24","valor":70250,"objeto":"Aquisi\u00e7\u00e3o de materiais m\u00e9dico-hospitalares para uso em a\u00e7\u00f5es de preven\u00e7\u00e3o e combate ao COVID-19, para atender \u00e0s necessidades da Secretaria Municipal de Sa\u00fade.","orgao_id":1,"categoria_id":4,"tags":"covid","slug":"dispensa-n0-18-2020-fundo-municipal-de-saude","criado":"2020-07-24 11:29:41","alterado":"2020-07-24 11:29:41"},{"id":469,"titulo":"Dispensa n\u00b0 15\/2020 - Fundo Municipal de Sa\u00fade","numero":"15\/2020","publicacao":"2020-07-02","valor":57925,"objeto":"Aquisi\u00e7\u00e3o de \u00e1lcool em gel, sabonete l\u00edquido e m\u00e1scara para forma\u00e7\u00e3o de kits de higieniza\u00e7\u00e3o, para serem distribu\u00eddos \u00e0 popula\u00e7\u00e3o deste Munic\u00edpio, em a\u00e7\u00f5es de preven\u00e7\u00e3o e combate ao COVID 19, para atender \u00e0s necessidades da Secretaria Municipal de Sa\u00fade.","orgao_id":1,"categoria_id":4,"tags":"covid","slug":"dispensa-n0-15-2020-fundo-municipal-de-saude","criado":"2020-07-02 08:59:06","alterado":"2020-07-02 08:59:06"},{"id":468,"titulo":"Dispensa n\u00b0 14\/2020 - Fundo Municipal de Sa\u00fade","numero":"14\/2020","publicacao":"2020-06-22","valor":106097,"objeto":"Aquisi\u00e7\u00e3o de materiais m\u00e9dico-hospitalares para uso em a\u00e7\u00f5es de preven\u00e7\u00e3o e combate ao COVID 19, para atender \u00e0s necessidades da Secretaria Municipal de Sa\u00fade.","orgao_id":1,"categoria_id":4,"tags":"covid,covid-19","slug":"dispensa-n0-14-2020-fundo-municipal-de-saude","criado":"2020-06-22 10:10:03","alterado":"2020-06-22 10:10:03"},{"id":467,"titulo":"Dispensa n\u00b0 13\/2020 - Fundo Municipal de Sa\u00fade","numero":"13\/2020","publicacao":"2020-06-22","valor":33000,"objeto":"Aquisi\u00e7\u00e3o de equipamentos ao COVID 19, para atender \u00e0s necessidades da Secretaria Municipal de Sa\u00fade.","orgao_id":1,"categoria_id":4,"tags":"covid,covid-19","slug":"dispensa-n0-13-2020-fundo-municipal-de-saude","criado":"2020-06-22 10:06:20","alterado":"2020-06-22 10:16:18"},{"id":466,"titulo":"Dispensa n\u00b0 12\/2020 - Fundo Municipal de Sa\u00fade","numero":"12\/2020","publicacao":"2020-06-03","valor":6600,"objeto":"Aquisi\u00e7\u00e3o de equipamentos de teste r\u00e1pido do tipo IGG\/IGM em a\u00e7\u00e3o de combate ao COVID 19, para atender \u00e0s necessidades da Secretaria Municipal de Sa\u00fade.","orgao_id":1,"categoria_id":4,"slug":"dispensa-n0-12-2020-fundo-municipal-de-saude","criado":"2020-06-03 11:33:02","alterado":"2020-06-03 11:33:02"},{"id":464,"titulo":"Dispensa n\u00b0 11\/2020 - Fundo Municipal de Sa\u00fade","numero":"11\/2020","publicacao":"2020-05-27","valor":8700,"objeto":"Contrata\u00e7\u00e3o de empresa para prestar os servi\u00e7os de loca\u00e7\u00e3o de caminh\u00e3o pipa para atender \u00e0s necessidades da Secretaria Municipal de Sa\u00fade, em a\u00e7\u00e3o de combate ao Covid 19, nos termos da documenta\u00e7\u00e3o anexa.","orgao_id":1,"categoria_id":4,"tags":"covid,dispensa,pipa,carro,carro pipa","texto":"\u003Cp\u003E\u003Cstrong\u003EEmpresa\u003C\/strong\u003E: Ascendino Prata Filho Eireli\u003Cbr \/\u003E\u003Cstrong\u003ECNPJ:\u0026nbsp;\u003C\/strong\u003E06.269.869\/0001-12\u003C\/p\u003E","slug":"dispensa-n0-11-2020-fundo-municipal-de-saude","criado":"2020-05-27 12:14:52","alterado":"2020-05-27 12:18:58"}]}},"paginacao":{"atual":1,"proxima":0,"anterior":0,"total_registros":12,"total_paginas":1}}